{"id":141,"date":"2018-09-06T21:07:39","date_gmt":"2018-09-06T19:07:39","guid":{"rendered":"http:\/\/gs-thw-fr.de\/?p=141"},"modified":"2018-09-06T21:07:39","modified_gmt":"2018-09-06T19:07:39","slug":"einschulung-2018","status":"publish","type":"post","link":"http:\/\/gs-thw-fr.de\/?p=141","title":{"rendered":"Einschulung 2018"},"content":{"rendered":"\n<p>Wir bedanken uns sehr herzlich bei Herrn Werle f\u00fcr die sch\u00f6ne Gestaltung des Einschulungsgottesdienstes und bei unserem Kollegium f\u00fcr die Gestaltung der Einschulungsfeier. Herzlichen Dank an die Eltern der 2. Klassen f\u00fcr die Kuchenspenden und die Bewirtung der G\u00e4ste im Elterncaf\u00e9. Ein besonderes Lob geht an alle Sch\u00fclerinnen und Sch\u00fcler, die mit ihrem tatkr\u00e4ftigen Einsatz zum Gelingen dieser Feierlichkeiten ma\u00dfgeblich beigetragen haben.\u00a0<\/p>\n\n\n\n<figure class=\"wp-block-image\"><img loading=\"lazy\" decoding=\"async\" width=\"4160\" height=\"3120\" src=\"http:\/\/gs-thw-fr.de\/wp-content\/uploads\/2018\/09\/IMG_20180807_110116355_HDR.jpg\" alt=\"\" class=\"wp-image-142\" srcset=\"http:\/\/gs-thw-fr.de\/wp-content\/uploads\/2018\/09\/IMG_20180807_110116355_HDR.jpg 4160w, http:\/\/gs-thw-fr.de\/wp-content\/uploads\/2018\/09\/IMG_20180807_110116355_HDR-300x225.jpg 300w, http:\/\/gs-thw-fr.de\/wp-content\/uploads\/2018\/09\/IMG_20180807_110116355_HDR-768x576.jpg 768w, http:\/\/gs-thw-fr.de\/wp-content\/uploads\/2018\/09\/IMG_20180807_110116355_HDR-1024x768.jpg 1024w\" sizes=\"auto, (max-width: 4160px) 100vw, 4160px\" \/><\/figure>\n\n\n\n<figure class=\"wp-block-image\"><img loading=\"lazy\" decoding=\"async\" width=\"4160\" height=\"3120\" src=\"http:\/\/gs-thw-fr.de\/wp-content\/uploads\/2018\/09\/IMG_20180807_110123231_HDR.jpg\" alt=\"\" class=\"wp-image-143\" srcset=\"http:\/\/gs-thw-fr.de\/wp-content\/uploads\/2018\/09\/IMG_20180807_110123231_HDR.jpg 4160w, http:\/\/gs-thw-fr.de\/wp-content\/uploads\/2018\/09\/IMG_20180807_110123231_HDR-300x225.jpg 300w, http:\/\/gs-thw-fr.de\/wp-content\/uploads\/2018\/09\/IMG_20180807_110123231_HDR-768x576.jpg 768w, http:\/\/gs-thw-fr.de\/wp-content\/uploads\/2018\/09\/IMG_20180807_110123231_HDR-1024x768.jpg 1024w\" sizes=\"auto, (max-width: 4160px) 100vw, 4160px\" \/><\/figure>\n\n\n\n<figure class=\"wp-block-image\"><img decoding=\"async\" src=\"http:\/\/gs-thw-fr.de\/wp-content\/uploads\/2018\/09\/IMG_20180807_111749614.jpg\" alt=\"\" class=\"wp-image-144\"\/><\/figure>\n","protected":false},"excerpt":{"rendered":"<p>Wir bedanken uns sehr herzlich bei Herrn Werle f\u00fcr die sch\u00f6ne Gestaltung des Einschulungsgottesdienstes und bei unserem Kollegium f\u00fcr die Gestaltung der Einschulungsfeier. Herzlichen Dank an die Eltern der 2. Klassen f\u00fcr die Kuchenspenden und die Bewirtung der G\u00e4ste im Elterncaf\u00e9. Ein besonderes Lob geht an alle Sch\u00fclerinnen und Sch\u00fcler, die mit ihrem tatkr\u00e4ftigen Einsatz &hellip; <a href=\"http:\/\/gs-thw-fr.de\/?p=141\" class=\"more-link\"><span class=\"screen-reader-text\">Einschulung 2018<\/span> weiterlesen<\/a><\/p>\n","protected":false},"author":2,"featured_media":0,"comment_status":"open","ping_status":"open","sticky":false,"template":"","format":"standard","meta":{"footnotes":""},"categories":[1],"tags":[],"class_list":["post-141","post","type-post","status-publish","format-standard","hentry","category-uncategorized"],"_links":{"self":[{"href":"http:\/\/gs-thw-fr.de\/index.php?rest_route=\/wp\/v2\/posts\/141","targetHints":{"allow":["GET"]}}],"collection":[{"href":"http:\/\/gs-thw-fr.de\/index.php?rest_route=\/wp\/v2\/posts"}],"about":[{"href":"http:\/\/gs-thw-fr.de\/index.php?rest_route=\/wp\/v2\/types\/post"}],"author":[{"embeddable":true,"href":"http:\/\/gs-thw-fr.de\/index.php?rest_route=\/wp\/v2\/users\/2"}],"replies":[{"embeddable":true,"href":"http:\/\/gs-thw-fr.de\/index.php?rest_route=%2Fwp%2Fv2%2Fcomments&post=141"}],"version-history":[{"count":1,"href":"http:\/\/gs-thw-fr.de\/index.php?rest_route=\/wp\/v2\/posts\/141\/revisions"}],"predecessor-version":[{"id":145,"href":"http:\/\/gs-thw-fr.de\/index.php?rest_route=\/wp\/v2\/posts\/141\/revisions\/145"}],"wp:attachment":[{"href":"http:\/\/gs-thw-fr.de\/index.php?rest_route=%2Fwp%2Fv2%2Fmedia&parent=141"}],"wp:term":[{"taxonomy":"category","embeddable":true,"href":"http:\/\/gs-thw-fr.de\/index.php?rest_route=%2Fwp%2Fv2%2Fcategories&post=141"},{"taxonomy":"post_tag","embeddable":true,"href":"http:\/\/gs-thw-fr.de\/index.php?rest_route=%2Fwp%2Fv2%2Ftags&post=141"}],"curies":[{"name":"wp","href":"https:\/\/api.w.org\/{rel}","templated":true}]}}